{"id":960,"global_id":"www.bulleasons.be?id=960","global_id_lineage":["www.bulleasons.be?id=960"],"author":"2","status":"publish","date":"2023-02-06 16:22:01","date_utc":"2023-02-06 15:22:01","modified":"2023-02-06 16:22:01","modified_utc":"2023-02-06 15:22:01","url":"http:\/\/www.bulleasons.be\/?tribe_events=petit-concert-a-laube-29","rest_url":"http:\/\/www.bulleasons.be\/index.php?rest_route=\/tribe\/events\/v1\/events\/960","title":"Petit concert \u00e0 l&rsquo;Aube","description":"","excerpt":"<p>Travers\u00e9e po\u00e9tique et musicale de l&rsquo;aube au cr\u00e9puscule.<br \/>\nUne violoncelliste-chanteuse, un percussionniste. Autour d\u2019eux, des coussins dispos\u00e9s en cercle o\u00f9 s\u2019installe le public.<\/p>\n<p>L\u2019univers est blanc, calme, apaisant. Au son du hang, du violoncelle et des voix, le soleil va se lever. Il traversera toute la journ\u00e9e jusqu\u2019au coucher, accompagn\u00e9 par les vibrations des cordes, le souffle du flutiste, les pulsations aquatiques du udu\u2026 Les enfants ressentent la musique avec tout leur corps.<\/p>\n<p>Ce spectacle attise et affine leurs sensations, dans une complicit\u00e9 jubilatoire avec les musiciens. Une immersion dans les extraits d\u2019\u0153uvres de Bach, Satie et Vivaldi, des compositions originales, des chants s\u00e9farades et\u2026 du rythme !<\/p>","slug":"petit-concert-a-laube-29","image":false,"all_day":false,"start_date":"2023-02-26 10:30:00","start_date_details":{"year":"2023","month":"02","day":"26","hour":"10","minutes":"30","seconds":"00"},"end_date":"2023-02-26 11:30:00","end_date_details":{"year":"2023","month":"02","day":"26","hour":"11","minutes":"30","seconds":"00"},"utc_start_date":"2023-02-26 09:30:00","utc_start_date_details":{"year":"2023","month":"02","day":"26","hour":"09","minutes":"30","seconds":"00"},"utc_end_date":"2023-02-26 10:30:00","utc_end_date_details":{"year":"2023","month":"02","day":"26","hour":"10","minutes":"30","seconds":"00"},"timezone":"UTC+1","timezone_abbr":"UTC+1","cost":"","cost_details":{"currency_symbol":"","currency_position":"suffix","values":[]},"website":"https:\/\/www.philharmonie.lu","show_map":true,"show_map_link":true,"hide_from_listings":false,"sticky":true,"featured":true,"categories":[{"name":"Petit Concert \u00e0 l'Aube","slug":"petit-concert-a-laube","term_group":0,"term_taxonomy_id":13,"taxonomy":"tribe_events_cat","description":"","parent":0,"count":30,"filter":"raw","id":13,"urls":{"self":"http:\/\/www.bulleasons.be\/index.php?rest_route=\/tribe\/events\/v1\/categories\/13","collection":"http:\/\/www.bulleasons.be\/index.php?rest_route=\/tribe\/events\/v1\/categories"}}],"tags":[],"venue":{"id":956,"author":"2","status":"publish","date":"2023-02-06 15:55:29","date_utc":"2023-02-06 14:55:29","modified":"2023-02-06 15:59:30","modified_utc":"2023-02-06 14:59:30","url":"http:\/\/www.bulleasons.be\/?tribe_venue=philharmonie-du-luxembourg","venue":"La Philharmonie du Luxembourg","slug":"philharmonie-du-luxembourg","address":"1, place de l'Europe","city":"Luxembourg","country":"Luxembourg","province":"Luxembourg","zip":"1499","phone":"+352 26 02 27-1","website":"https:\/\/www.philharmonie.lu","stateprovince":"Luxembourg","json_ld":{"@type":"Place","name":"La Philharmonie du Luxembourg","description":"","url":false,"address":{"@type":"PostalAddress","streetAddress":"1, place de l&#039;Europe","addressLocality":"Luxembourg","addressRegion":"Luxembourg","postalCode":"1499","addressCountry":"Luxembourg"},"telephone":"+352 26 02 27-1","sameAs":"https:\/\/www.philharmonie.lu"},"show_map":true,"show_map_link":true,"global_id":"www.bulleasons.be?id=956","global_id_lineage":["www.bulleasons.be?id=956"]},"organizer":[],"json_ld":{"@context":"http:\/\/schema.org","@type":"Event","name":"Petit concert \u00e0 l&rsquo;Aube","description":"&lt;p&gt;Travers\u00e9e po\u00e9tique et musicale de l\\'aube au cr\u00e9puscule.&lt;br \/&gt;\\nUne violoncelliste-chanteuse, un percussionniste. Autour d\u2019eux, des coussins dispos\u00e9s en cercle o\u00f9 s\u2019installe le public.&lt;\/p&gt;\\n&lt;p&gt;L\u2019univers est blanc, calme, apaisant. Au son du hang, du violoncelle et des voix, le soleil va se lever. Il traversera toute la journ\u00e9e jusqu\u2019au coucher, accompagn\u00e9 par les vibrations des cordes, le souffle du flutiste, les pulsations aquatiques du udu\u2026 Les enfants ressentent la musique avec tout leur corps.&lt;\/p&gt;\\n&lt;p&gt;Ce spectacle attise et affine leurs sensations, dans une complicit\u00e9 jubilatoire avec les musiciens. Une immersion dans les extraits d\u2019\u0153uvres de Bach, Satie et Vivaldi, des compositions originales, des chants s\u00e9farades et\u2026 du rythme !&lt;\/p&gt;\\n","url":"http:\/\/www.bulleasons.be\/?tribe_events=petit-concert-a-laube-29","startDate":"2023-02-26T10:30:00+01:00","endDate":"2023-02-26T11:30:00+01:00","location":{"@type":"Place","name":"La Philharmonie du Luxembourg","description":"","url":false,"address":{"@type":"PostalAddress","streetAddress":"1, place de l&#039;Europe","addressLocality":"Luxembourg","addressRegion":"Luxembourg","postalCode":"1499","addressCountry":"Luxembourg"},"telephone":"+352 26 02 27-1","sameAs":"https:\/\/www.philharmonie.lu"},"performer":"Organization"}}